{"id":31990,"date":"2025-03-28T15:45:08","date_gmt":"2025-03-28T14:45:08","guid":{"rendered":"https:\/\/naider.com\/adaptacion-al-cambio-climatico-en-entornos-costeros-y-litorales\/"},"modified":"2025-04-02T16:38:59","modified_gmt":"2025-04-02T14:38:59","slug":"adaptacion-al-cambio-climatico-en-entornos-costeros-y-litorales","status":"publish","type":"post","link":"https:\/\/naider.com\/en\/update\/news\/adaptacion-al-cambio-climatico-en-entornos-costeros-y-litorales\/","title":{"rendered":"Adaptation to climate change in coastal and littoral areas"},"content":{"rendered":"\n<p>We have recently launched an important project for Ihobe, entitled &#8216;<strong>Analysis of the vulnerability and risks to climate change of coastal and littoral habitats of local and regional interest in the Basque Autonomous Community and proposal of an action plan<\/strong>&#8216;. Together with <strong><a href=\"https:\/\/www.azti.es\/en\/\" rel=\"nofollow noopener\" target=\"_blank\">Azti<\/a><\/strong>, a centre of excellence in marine research, we have provided the project with a first-class team of scientific and technical experts with extensive experience in vulnerability and risk, marine dynamics, adaptation, biodiversity and climate action plans, also specialising in the coastal enclave of the Basque Country.<\/p>\n\n\n\n<p>Over the next few months, we will design and implement a proven <strong>methodology<\/strong> to analyse the <strong>vulnerability<\/strong> and <strong>risk<\/strong> of coastal and coastal habitats of community and regional interest in the Basque Country to the impacts of climate change and, based on the information generated, propose structured and prioritised <strong>adaptation measures<\/strong> in an <strong>action plan<\/strong>.<\/p>\n\n\n\n<p>The project will also take into account the potential for mitigation, possible maladaptation measures and synergies between the two perspectives, in line with the integrated vision of climate action in the strategic planning and legislation of the Basque Country.<\/p>\n\n\n\n<p><\/p>\n\n\n<style>.wp-block-kadence-spacer.kt-block-spacer-31990_4f76a5-d5 .kt-block-spacer{height:60px;}.wp-block-kadence-spacer.kt-block-spacer-31990_4f76a5-d5 .kt-divider{border-top-width:1px;height:1px;border-top-color:#eee;width:80%;border-top-style:solid;}<\/style>\n<div class=\"wp-block-kadence-spacer aligncenter kt-block-spacer-31990_4f76a5-d5\"><div class=\"kt-block-spacer kt-block-spacer-halign-center\"><hr class=\"kt-divider\"\/><\/div><\/div>\n\n\n\n<p class=\"has-text-align-right\"><sup>Illustration: Hugo ROUQUETTE<\/sup><\/p>\n","protected":false},"excerpt":{"rendered":"<p>We have recently launched an important project for Ihobe, entitled &#8216;Analysis of the vulnerability and risks to climate change of coastal and littoral habitats of local and regional interest in the Basque Autonomous Community and proposal of an action plan&#8216;. Together with Azti, a centre of excellence in marine research, we have provided the project&#8230;<\/p>\n","protected":false},"author":1,"featured_media":31986,"comment_status":"closed","ping_status":"closed","sticky":false,"template":"","format":"standard","meta":{"_kad_blocks_custom_css":"","_kad_blocks_head_custom_js":"","_kad_blocks_body_custom_js":"","_kad_blocks_footer_custom_js":"","_kad_post_transparent":"","_kad_post_title":"","_kad_post_layout":"","_kad_post_sidebar_id":"","_kad_post_content_style":"","_kad_post_vertical_padding":"","_kad_post_feature":"","_kad_post_feature_position":"","_kad_post_header":false,"_kad_post_footer":false,"_kad_post_classname":"","footnotes":""},"categories":[4],"tags":[2287,4389,4396,4395,4394,4390],"ppma_author":[198],"class_list":["post-31990","post","type-post","status-publish","format-standard","has-post-thumbnail","hentry","category-news","tag-adaptacion-y-mitigacion-climatica-en","tag-areas-costeras-en","tag-climate-adaptation-and-mitigation","tag-climate-risks","tag-coastal-areas","tag-riesgos-climaticos-en"],"taxonomy_info":{"category":[{"value":4,"label":"News"}],"post_tag":[{"value":2287,"label":"Adaptaci\u00f3n y mitigaci\u00f3n clim\u00e1tica"},{"value":4389,"label":"\u00c1reas costeras"},{"value":4396,"label":"Climate adaptation and mitigation"},{"value":4395,"label":"Climate risks"},{"value":4394,"label":"Coastal areas"},{"value":4390,"label":"Riesgos clim\u00e1ticos"}]},"featured_image_src_large":["https:\/\/naider.com\/wp-content\/uploads\/2025\/04\/hugo-rouquette-u8oLHKcGLdQ-unsplash-1600x900.jpg",1600,900,true],"author_info":{"display_name":"Naider","author_link":"https:\/\/naider.com\/en\/author\/sirope-naid3r\/"},"comment_info":0,"category_info":[{"term_id":4,"name":"News","slug":"news","term_group":0,"term_taxonomy_id":4,"taxonomy":"category","description":"","parent":0,"count":433,"filter":"raw","cat_ID":4,"category_count":433,"category_description":"","cat_name":"News","category_nicename":"news","category_parent":0}],"tag_info":[{"term_id":2287,"name":"Adaptaci\u00f3n y mitigaci\u00f3n clim\u00e1tica","slug":"adaptacion-y-mitigacion-climatica-en","term_group":0,"term_taxonomy_id":2287,"taxonomy":"post_tag","description":"","parent":0,"count":2,"filter":"raw"},{"term_id":4389,"name":"\u00c1reas costeras","slug":"areas-costeras-en","term_group":0,"term_taxonomy_id":4389,"taxonomy":"post_tag","description":"","parent":0,"count":1,"filter":"raw"},{"term_id":4396,"name":"Climate adaptation and mitigation","slug":"climate-adaptation-and-mitigation","term_group":0,"term_taxonomy_id":4396,"taxonomy":"post_tag","description":"","parent":0,"count":2,"filter":"raw"},{"term_id":4395,"name":"Climate risks","slug":"climate-risks","term_group":0,"term_taxonomy_id":4395,"taxonomy":"post_tag","description":"","parent":0,"count":1,"filter":"raw"},{"term_id":4394,"name":"Coastal areas","slug":"coastal-areas","term_group":0,"term_taxonomy_id":4394,"taxonomy":"post_tag","description":"","parent":0,"count":1,"filter":"raw"},{"term_id":4390,"name":"Riesgos clim\u00e1ticos","slug":"riesgos-climaticos-en","term_group":0,"term_taxonomy_id":4390,"taxonomy":"post_tag","description":"","parent":0,"count":1,"filter":"raw"}],"authors":[{"term_id":198,"user_id":0,"is_guest":1,"slug":"naider-en","display_name":"Naider","avatar_url":"https:\/\/secure.gravatar.com\/avatar\/?s=96&d=mm&r=g","0":null,"1":"","2":"","3":"","4":"","5":"","6":"","7":"","8":""}],"_links":{"self":[{"href":"https:\/\/naider.com\/en\/wp-json\/wp\/v2\/posts\/31990","targetHints":{"allow":["GET"]}}],"collection":[{"href":"https:\/\/naider.com\/en\/wp-json\/wp\/v2\/posts"}],"about":[{"href":"https:\/\/naider.com\/en\/wp-json\/wp\/v2\/types\/post"}],"author":[{"embeddable":true,"href":"https:\/\/naider.com\/en\/wp-json\/wp\/v2\/users\/1"}],"replies":[{"embeddable":true,"href":"https:\/\/naider.com\/en\/wp-json\/wp\/v2\/comments?post=31990"}],"version-history":[{"count":2,"href":"https:\/\/naider.com\/en\/wp-json\/wp\/v2\/posts\/31990\/revisions"}],"predecessor-version":[{"id":31996,"href":"https:\/\/naider.com\/en\/wp-json\/wp\/v2\/posts\/31990\/revisions\/31996"}],"wp:featuredmedia":[{"embeddable":true,"href":"https:\/\/naider.com\/en\/wp-json\/wp\/v2\/media\/31986"}],"wp:attachment":[{"href":"https:\/\/naider.com\/en\/wp-json\/wp\/v2\/media?parent=31990"}],"wp:term":[{"taxonomy":"category","embeddable":true,"href":"https:\/\/naider.com\/en\/wp-json\/wp\/v2\/categories?post=31990"},{"taxonomy":"post_tag","embeddable":true,"href":"https:\/\/naider.com\/en\/wp-json\/wp\/v2\/tags?post=31990"},{"taxonomy":"author","embeddable":true,"href":"https:\/\/naider.com\/en\/wp-json\/wp\/v2\/ppma_author?post=31990"}],"curies":[{"name":"wp","href":"https:\/\/api.w.org\/{rel}","templated":true}]}}