{"id":33063,"date":"2025-07-17T12:38:12","date_gmt":"2025-07-17T10:38:12","guid":{"rendered":"https:\/\/naider.com\/curso-de-verano-cities2030-cita-para-las-ciudades-mision\/"},"modified":"2025-08-28T14:14:46","modified_gmt":"2025-08-28T12:14:46","slug":"curso-de-verano-cities2030-cita-para-las-ciudades-mision","status":"publish","type":"post","link":"https:\/\/naider.com\/eu\/aktualitatea\/albistea\/curso-de-verano-cities2030-cita-para-las-ciudades-mision\/","title":{"rendered":"Udako ikastaroa citiES2030, Hirien Misioaren hitzordua"},"content":{"rendered":"\n<p>Uztailaren 14, 15 eta 16an, Naider taldeak Men\u00e9ndez Pelayo Nazioarteko Unibertsitatearen (<a href=\"https:\/\/www.uimp.es\/\" rel=\"nofollow noopener\" target=\"_blank\">UIMP<\/a>) udako programaren barruan Santanderren egindako <strong><a href=\"https:\/\/cities2030.es\/curso-de-verano-2025\/\" rel=\"nofollow noopener\" target=\"_blank\">citiES 2030 Udako Ikastaroa<\/a><\/strong>ren laugarren edizioan parte hartzeko aukera izan zuen. Europako Hirien Misioaren eta hiriek klima- eta gizarte-erronken aurrean duten eginkizun eraldatzailearen inguruko ideiak eta esperientziak trukatzeko funtsezko hitzordua.<\/p>\n\n\n\n<h4 class=\"wp-block-heading\">1. eguna: Klima-akordioak eta hiri-lidergoa<\/h4>\n\n\n\n<p>Inaugurazio-jardunaldian Gema Igual (Santanderreko alkatea) eta Matilde Carl\u00f3n Ruiz (UIMPko errektoreordea) izan ziren, Julio Lumbreras (<a href=\"https:\/\/cities2030.es\/\" rel=\"nofollow noopener\" target=\"_blank\">citiES 2030<\/a>eko zuzendaria) eta Mar\u00eda Garc\u00eda Rodr\u00edguez (<a href=\"https:\/\/www.climate-kic.org\/\" rel=\"nofollow noopener\" target=\"_blank\">Climate KIC<\/a>) zuzendariekin batera. Lehen saio horretan, Marcos Ros Semperek (Eurodiputatua) eta Thomas Osirrek (<a href=\"https:\/\/netzerocities.eu\/\" rel=\"nofollow noopener\" target=\"_blank\">NetZeroCities<\/a>) hiriek Europako trantsizio ekologikoan duten paperaz hausnartu zuten.<\/p>\n\n\n\n<p>Une nabarmenetako bat <strong>Bilboko Klima Akordioa<\/strong>ren aurkezpena eta sinadura izan zen. Akordio horrekin, hiria Hirien Europako Misioan sartu zen formalki, Viladecansekin batera. Mugarri horrek aurrerapauso handia eman du Bilboko Udaleko Iraunkortasun Arloak gidatutako prozesuan, <a href=\"https:\/\/naider.com\/eu\/naiderlab\/esperientziak\/desarrollo-de-la-mision-climatica-bilbao-2030\/\">Naiderren laguntza teknikoarekin<\/a>. Nora Abete, V\u00edctor Trimi\u00f1o eta Mikel Gonz\u00e1lez Vara zoriondu nahi ditugu ekimen honetan erakutsitako konpromisoagatik eta lidergoagatik.<\/p>\n\n\n\n<p>Jardunaldian <strong>EU CINCO 2.0<\/strong> bezalako proiektuen aurkezpenak ere egin ziren, Misioaren inplementazioan zirkulartasun, karbono txertatua eta trantsizio justuko irizpideak txertatzera bideratua, eta EuroMisi\u00f3n 2025 saioarekin amaitu zen, non gure lankide Aitor Mingok Bilboko Udalarekin garatutako lana aurkeztu zuen, bere azpiegitura berdea diseinatzeko, klima egokitzeko eta ingurumen-osasuna hobetzeko tresna gisa.<\/p>\n\n\n\n<figure class=\"wp-block-gallery has-nested-images columns-default is-cropped wp-block-gallery-1 is-layout-flex wp-block-gallery-is-layout-flex\">\n<figure class=\"wp-block-image size-large\"><img loading=\"lazy\" decoding=\"async\" width=\"1600\" height=\"1065\" data-id=\"33043\" src=\"https:\/\/naider.com\/wp-content\/uploads\/2025\/08\/jornada-1-1600x1065.jpeg\" alt=\"\" class=\"wp-image-33043\" srcset=\"https:\/\/naider.com\/wp-content\/uploads\/2025\/08\/jornada-1-1600x1065.jpeg 1600w, https:\/\/naider.com\/wp-content\/uploads\/2025\/08\/jornada-1-800x532.jpeg 800w, https:\/\/naider.com\/wp-content\/uploads\/2025\/08\/jornada-1-768x511.jpeg 768w, https:\/\/naider.com\/wp-content\/uploads\/2025\/08\/jornada-1-1536x1022.jpeg 1536w, https:\/\/naider.com\/wp-content\/uploads\/2025\/08\/jornada-1.jpeg 2048w\" sizes=\"auto, (max-width: 1600px) 100vw, 1600px\" \/><\/figure>\n\n\n\n<figure class=\"wp-block-image size-large\"><img loading=\"lazy\" decoding=\"async\" width=\"1600\" height=\"1065\" data-id=\"33045\" src=\"https:\/\/naider.com\/wp-content\/uploads\/2025\/08\/jornada-1-b-1600x1065.jpeg\" alt=\"\" class=\"wp-image-33045\" srcset=\"https:\/\/naider.com\/wp-content\/uploads\/2025\/08\/jornada-1-b-1600x1065.jpeg 1600w, https:\/\/naider.com\/wp-content\/uploads\/2025\/08\/jornada-1-b-800x532.jpeg 800w, https:\/\/naider.com\/wp-content\/uploads\/2025\/08\/jornada-1-b-768x511.jpeg 768w, https:\/\/naider.com\/wp-content\/uploads\/2025\/08\/jornada-1-b-1536x1022.jpeg 1536w, https:\/\/naider.com\/wp-content\/uploads\/2025\/08\/jornada-1-b.jpeg 2048w\" sizes=\"auto, (max-width: 1600px) 100vw, 1600px\" \/><\/figure>\n\n\n\n<figure class=\"wp-block-image size-large\"><img loading=\"lazy\" decoding=\"async\" width=\"1600\" height=\"1065\" data-id=\"33044\" src=\"https:\/\/naider.com\/wp-content\/uploads\/2025\/08\/jornada-1-c-1600x1065.jpeg\" alt=\"\" class=\"wp-image-33044\" srcset=\"https:\/\/naider.com\/wp-content\/uploads\/2025\/08\/jornada-1-c-1600x1065.jpeg 1600w, https:\/\/naider.com\/wp-content\/uploads\/2025\/08\/jornada-1-c-800x532.jpeg 800w, https:\/\/naider.com\/wp-content\/uploads\/2025\/08\/jornada-1-c-768x511.jpeg 768w, https:\/\/naider.com\/wp-content\/uploads\/2025\/08\/jornada-1-c-1536x1022.jpeg 1536w, https:\/\/naider.com\/wp-content\/uploads\/2025\/08\/jornada-1-c.jpeg 2048w\" sizes=\"auto, (max-width: 1600px) 100vw, 1600px\" \/><\/figure>\n<\/figure>\n\n\n\n<h4 class=\"wp-block-heading\">2. eguna: Finantzaketa, polarizazioa eta narratiba berriak<\/h4>\n\n\n\n<p>Bigarren eguna <strong>despolarizazioari eta ekintza klimatikoari<\/strong> buruzko elkarrizketa batekin hasi zen, Borja Barraguerekin (<a href=\"https:\/\/www.csic.es\/es\" rel=\"nofollow noopener\" target=\"_blank\">CSIC<\/a>), Carlos Mataixek (<a href=\"https:\/\/itd.upm.es\/\" rel=\"nofollow noopener\" target=\"_blank\">itdUPM<\/a>) eta Leonela Guliziak (citiES 2030) dinamizatua. Saio horrek balioa eman zion hiriek krisi klimatikoaren aurrean elkarrizketarako eta ekintza komunerako gune gisa duten rolari.<\/p>\n\n\n\n<p>Ondoren, <strong>Europako finantzaketa-tresnak<\/strong> jorratu ziren, Energy Cities, ICLEI, EY, GFI Spain, Laudes Foundation eta beste eragile garrantzitsu batzuen ordezkarien parte-hartzearekin. Europako jokaleku politiko berriak Itun Berdearen, Horizon Europeren edo Klimaren aldeko Gizarte Funtsaren etorkizunean izango dituen ondorioak aztertu ziren, besteak beste.<\/p>\n\n\n\n<p>Jardunaldian hiru <strong>elkarrizketa sektorial<\/strong> ere egin ziren, eraikuntzaren deskarbonizazioa, mugikortasun elektrikoa eta hiri-zirkulartasuna ardatz hartuta. Horrez gain, bi saio paralelo egin ziren: bata, <strong>Misioaren komunikazio eta narratibei<\/strong> buruzkoa, eta bestea, <strong>klima-aldaketara egokitzeko finantzaketari<\/strong> buruzkoa. Ivan de Torres gure lankideak parte hartu zuen.<\/p>\n\n\n\n<figure class=\"wp-block-gallery has-nested-images columns-default is-cropped wp-block-gallery-2 is-layout-flex wp-block-gallery-is-layout-flex\">\n<figure class=\"wp-block-image size-large\"><img loading=\"lazy\" decoding=\"async\" width=\"1600\" height=\"1200\" data-id=\"33056\" src=\"https:\/\/naider.com\/wp-content\/uploads\/2025\/08\/jornada-2-1600x1200.jpeg\" alt=\"\" class=\"wp-image-33056\" srcset=\"https:\/\/naider.com\/wp-content\/uploads\/2025\/08\/jornada-2-1600x1200.jpeg 1600w, https:\/\/naider.com\/wp-content\/uploads\/2025\/08\/jornada-2-800x600.jpeg 800w, https:\/\/naider.com\/wp-content\/uploads\/2025\/08\/jornada-2-768x576.jpeg 768w, https:\/\/naider.com\/wp-content\/uploads\/2025\/08\/jornada-2-1536x1152.jpeg 1536w, https:\/\/naider.com\/wp-content\/uploads\/2025\/08\/jornada-2.jpeg 2048w\" sizes=\"auto, (max-width: 1600px) 100vw, 1600px\" \/><\/figure>\n\n\n\n<figure class=\"wp-block-image size-large\"><img loading=\"lazy\" decoding=\"async\" width=\"1600\" height=\"1200\" data-id=\"33050\" src=\"https:\/\/naider.com\/wp-content\/uploads\/2025\/08\/jornada-2-b-1600x1200.jpeg\" alt=\"\" class=\"wp-image-33050\" srcset=\"https:\/\/naider.com\/wp-content\/uploads\/2025\/08\/jornada-2-b-1600x1200.jpeg 1600w, https:\/\/naider.com\/wp-content\/uploads\/2025\/08\/jornada-2-b-800x600.jpeg 800w, https:\/\/naider.com\/wp-content\/uploads\/2025\/08\/jornada-2-b-768x576.jpeg 768w, https:\/\/naider.com\/wp-content\/uploads\/2025\/08\/jornada-2-b-1536x1152.jpeg 1536w, https:\/\/naider.com\/wp-content\/uploads\/2025\/08\/jornada-2-b.jpeg 2048w\" sizes=\"auto, (max-width: 1600px) 100vw, 1600px\" \/><\/figure>\n\n\n\n<figure class=\"wp-block-image size-large\"><img loading=\"lazy\" decoding=\"async\" width=\"1600\" height=\"1200\" data-id=\"33053\" src=\"https:\/\/naider.com\/wp-content\/uploads\/2025\/08\/jornada-2-c-1600x1200.jpeg\" alt=\"\" class=\"wp-image-33053\" srcset=\"https:\/\/naider.com\/wp-content\/uploads\/2025\/08\/jornada-2-c-1600x1200.jpeg 1600w, https:\/\/naider.com\/wp-content\/uploads\/2025\/08\/jornada-2-c-800x600.jpeg 800w, https:\/\/naider.com\/wp-content\/uploads\/2025\/08\/jornada-2-c-768x576.jpeg 768w, https:\/\/naider.com\/wp-content\/uploads\/2025\/08\/jornada-2-c-1536x1152.jpeg 1536w, https:\/\/naider.com\/wp-content\/uploads\/2025\/08\/jornada-2-c.jpeg 2048w\" sizes=\"auto, (max-width: 1600px) 100vw, 1600px\" \/><\/figure>\n<\/figure>\n\n\n\n<h4 class=\"wp-block-heading\">3. eguna: Elkarlaneko berrikuntza eta hiri-erronkak<\/h4>\n\n\n\n<p>Azken jardunaldia <strong>URBANEW-EMC3 proiektuaren Berrikuntza Laborategian<\/strong> zentratu zen, citiES 2030ekin batera. <strong>KiteLab <\/strong>metodologiaren bidez, adituak eta erakundeetako ordezkariak lanean aritu ziren irtenbide zehatz, ukigarri eta eskalagarriak elkarrekin sortzeko, neutraltasun klimatikoarekin lotutako hiri-erronkak konpontzeko. Aitor Mingo gure lankideak espazio horretan parte hartu zuen, eta Naiderren esperientzia praktikoaren bidez, hirietan eragina duten lankidetza-prozesuetan lagundu zuen.<\/p>\n\n\n<div class=\"wp-block-image\">\n<figure class=\"aligncenter size-large is-resized\"><img loading=\"lazy\" decoding=\"async\" width=\"1600\" height=\"1065\" src=\"https:\/\/naider.com\/wp-content\/uploads\/2025\/08\/jornada-3-1600x1065.jpeg\" alt=\"\" class=\"wp-image-33059\" style=\"width:535px;height:auto\" srcset=\"https:\/\/naider.com\/wp-content\/uploads\/2025\/08\/jornada-3-1600x1065.jpeg 1600w, https:\/\/naider.com\/wp-content\/uploads\/2025\/08\/jornada-3-800x532.jpeg 800w, https:\/\/naider.com\/wp-content\/uploads\/2025\/08\/jornada-3-768x511.jpeg 768w, https:\/\/naider.com\/wp-content\/uploads\/2025\/08\/jornada-3-1536x1022.jpeg 1536w, https:\/\/naider.com\/wp-content\/uploads\/2025\/08\/jornada-3.jpeg 2048w\" sizes=\"auto, (max-width: 1600px) 100vw, 1600px\" \/><\/figure>\n<\/div>","protected":false},"excerpt":{"rendered":"<p>Uztailaren 14, 15 eta 16an, Naider taldeak Men\u00e9ndez Pelayo Nazioarteko Unibertsitatearen (UIMP) udako programaren barruan Santanderren egindako citiES 2030 Udako Ikastaroaren laugarren edizioan parte hartzeko aukera izan zuen. Europako Hirien Misioaren eta hiriek klima- eta gizarte-erronken aurrean duten eginkizun eraldatzailearen inguruko ideiak eta esperientziak trukatzeko funtsezko hitzordua. 1. eguna: Klima-akordioak eta hiri-lidergoa Inaugurazio-jardunaldian Gema Igual&#8230;<\/p>\n","protected":false},"author":1,"featured_media":33060,"comment_status":"closed","ping_status":"closed","sticky":false,"template":"","format":"standard","meta":{"_kad_blocks_custom_css":"","_kad_blocks_head_custom_js":"","_kad_blocks_body_custom_js":"","_kad_blocks_footer_custom_js":"","_kad_post_transparent":"","_kad_post_title":"","_kad_post_layout":"","_kad_post_sidebar_id":"","_kad_post_content_style":"","_kad_post_vertical_padding":"","_kad_post_feature":"","_kad_post_feature_position":"","_kad_post_header":false,"_kad_post_footer":false,"_kad_post_classname":"","footnotes":""},"categories":[3],"tags":[4681,4849,4852,2357,4851,2353],"ppma_author":[196],"class_list":["post-33063","post","type-post","status-publish","format-standard","has-post-thumbnail","hentry","category-albistea","tag-ciudades-mision-eu","tag-ciudades-transformadoras-eu","tag-hiri-eraldatzaileak","tag-hirigintza-jasangarria-eta-eko-hiria","tag-misio-hiriak","tag-urbanismo-sostenible-y-eco-ciudad-eu"],"taxonomy_info":{"category":[{"value":3,"label":"Albistea"}],"post_tag":[{"value":4681,"label":"Ciudades Misi\u00f3n"},{"value":4849,"label":"Ciudades transformadoras"},{"value":4852,"label":"Hiri eraldatzaileak"},{"value":2357,"label":"Hirigintza jasangarria eta eko-hiria"},{"value":4851,"label":"Misio Hiriak"},{"value":2353,"label":"Urbanismo sostenible y eco-ciudad"}]},"featured_image_src_large":["https:\/\/naider.com\/wp-content\/uploads\/2025\/08\/jornada-3-1600x1065.jpeg",1600,1065,true],"author_info":{"display_name":"Naider","author_link":"https:\/\/naider.com\/eu\/author\/sirope-naid3r\/"},"comment_info":0,"category_info":[{"term_id":3,"name":"Albistea","slug":"albistea","term_group":0,"term_taxonomy_id":3,"taxonomy":"category","description":"","parent":0,"count":428,"filter":"raw","cat_ID":3,"category_count":428,"category_description":"","cat_name":"Albistea","category_nicename":"albistea","category_parent":0}],"tag_info":[{"term_id":4681,"name":"Ciudades Misi\u00f3n","slug":"ciudades-mision-eu","term_group":0,"term_taxonomy_id":4681,"taxonomy":"post_tag","description":"","parent":0,"count":2,"filter":"raw"},{"term_id":4849,"name":"Ciudades transformadoras","slug":"ciudades-transformadoras-eu","term_group":0,"term_taxonomy_id":4849,"taxonomy":"post_tag","description":"","parent":0,"count":1,"filter":"raw"},{"term_id":4852,"name":"Hiri eraldatzaileak","slug":"hiri-eraldatzaileak","term_group":0,"term_taxonomy_id":4852,"taxonomy":"post_tag","description":"","parent":0,"count":1,"filter":"raw"},{"term_id":2357,"name":"Hirigintza jasangarria eta eko-hiria","slug":"hirigintza-jasangarria-eta-eko-hiria","term_group":0,"term_taxonomy_id":2357,"taxonomy":"post_tag","description":"","parent":0,"count":9,"filter":"raw"},{"term_id":4851,"name":"Misio Hiriak","slug":"misio-hiriak","term_group":0,"term_taxonomy_id":4851,"taxonomy":"post_tag","description":"","parent":0,"count":1,"filter":"raw"},{"term_id":2353,"name":"Urbanismo sostenible y eco-ciudad","slug":"urbanismo-sostenible-y-eco-ciudad-eu","term_group":0,"term_taxonomy_id":2353,"taxonomy":"post_tag","description":"","parent":0,"count":9,"filter":"raw"}],"authors":[{"term_id":196,"user_id":0,"is_guest":1,"slug":"naider","display_name":"Naider","avatar_url":"https:\/\/secure.gravatar.com\/avatar\/?s=96&d=mm&r=g","0":null,"1":"","2":"","3":"","4":"","5":"","6":"","7":"","8":""}],"_links":{"self":[{"href":"https:\/\/naider.com\/eu\/wp-json\/wp\/v2\/posts\/33063","targetHints":{"allow":["GET"]}}],"collection":[{"href":"https:\/\/naider.com\/eu\/wp-json\/wp\/v2\/posts"}],"about":[{"href":"https:\/\/naider.com\/eu\/wp-json\/wp\/v2\/types\/post"}],"author":[{"embeddable":true,"href":"https:\/\/naider.com\/eu\/wp-json\/wp\/v2\/users\/1"}],"replies":[{"embeddable":true,"href":"https:\/\/naider.com\/eu\/wp-json\/wp\/v2\/comments?post=33063"}],"version-history":[{"count":3,"href":"https:\/\/naider.com\/eu\/wp-json\/wp\/v2\/posts\/33063\/revisions"}],"predecessor-version":[{"id":33068,"href":"https:\/\/naider.com\/eu\/wp-json\/wp\/v2\/posts\/33063\/revisions\/33068"}],"wp:featuredmedia":[{"embeddable":true,"href":"https:\/\/naider.com\/eu\/wp-json\/wp\/v2\/media\/33060"}],"wp:attachment":[{"href":"https:\/\/naider.com\/eu\/wp-json\/wp\/v2\/media?parent=33063"}],"wp:term":[{"taxonomy":"category","embeddable":true,"href":"https:\/\/naider.com\/eu\/wp-json\/wp\/v2\/categories?post=33063"},{"taxonomy":"post_tag","embeddable":true,"href":"https:\/\/naider.com\/eu\/wp-json\/wp\/v2\/tags?post=33063"},{"taxonomy":"author","embeddable":true,"href":"https:\/\/naider.com\/eu\/wp-json\/wp\/v2\/ppma_author?post=33063"}],"curies":[{"name":"wp","href":"https:\/\/api.w.org\/{rel}","templated":true}]}}